{"id":1203,"date":"2026-08-22T22:11:15","date_gmt":"2026-08-22T20:11:15","guid":{"rendered":"https:\/\/ssw.warszawa.pl\/?p=1203"},"modified":"2026-08-22T22:11:18","modified_gmt":"2026-08-22T20:11:18","slug":"pociagnieci-przez-milosierna-milosc-nowi-salezjanie-wspolpracownicy-w-czerwinsku-nad-wisla","status":"publish","type":"post","link":"https:\/\/ssw.warszawa.pl\/?p=1203","title":{"rendered":"\u201ePoci\u0105gni\u0119ci przez mi\u0142osiern\u0105 Mi\u0142o\u015b\u0107\u201d \u2014 nowi Salezjanie Wsp\u00f3\u0142pracownicy w Czerwi\u0144sku nad Wis\u0142\u0105"},"content":{"rendered":"\n<h2 class=\"wp-block-heading\">Rado\u015b\u0107 Rodziny Salezja\u0144skiej<\/h2>\n\n\n\n<p class=\"wp-block-paragraph\">W sobot\u0119, 22 sierpnia 2026 roku, podczas Campo Bosko w Czerwi\u0144sku nad Wis\u0142\u0105, nasza Rodzina Salezja\u0144ska prze\u017cywa\u0142a szczeg\u00f3lny moment rado\u015bci i wdzi\u0119czno\u015bci. W Centrum Lokalnym Czerwi\u0144sk nad Wis\u0142\u0105 \u201eEmaus\u201d swoje Przyrzeczenia Apostolskie z\u0142o\u017cyli: <strong>Grzegorz, Dominika i Wiktoria<\/strong>.<\/p>\n\n\n\n<p class=\"wp-block-paragraph\">Przyrzeczenia zosta\u0142y z\u0142o\u017cone <strong>na r\u0119ce koordynatora prowincjalnego Stowarzyszenia Salezjan\u00f3w Wsp\u00f3\u0142pracownik\u00f3w<\/strong>, w obecno\u015bci wsp\u00f3lnoty zgromadzonej na modlitwie i \u015bwi\u0119towaniu m\u0142odo\u015bci w duchu ksi\u0119dza Bosko.<\/p>\n\n\n\n<h2 class=\"wp-block-heading\">\u201ePrzyrzekam\u201d wypowiedziane podczas Campo Bosko<\/h2>\n\n\n\n<p class=\"wp-block-paragraph\">To wydarzenie jest nie tylko pi\u0119kn\u0105 chwil\u0105 w \u017cyciu trzech os\u00f3b, ale tak\u017ce znakiem \u017cywotno\u015bci charyzmatu ksi\u0119dza Bosko, kt\u00f3ry wci\u0105\u017c poci\u0105ga \u015bwieckich do \u017cycia Ewangeli\u0105 w codzienno\u015bci: w rodzinie, pracy, parafii, \u015brodowisku m\u0142odych i w zwyczajnych relacjach, w kt\u00f3rych mo\u017cna czyni\u0107 dobro z salezja\u0144sk\u0105 rado\u015bci\u0105.<\/p>\n\n\n\n<p class=\"wp-block-paragraph\">Campo Bosko, pe\u0142ne modlitwy, spotka\u0144, m\u0142odzie\u0144czej energii i salezja\u0144skiej atmosfery, sta\u0142o si\u0119 dla Grzegorza, Dominiki i Wiktorii miejscem wypowiedzenia osobistego \u201etak\u201d. Ich decyzja wybrzmia\u0142a jako znak nadziei dla ca\u0142ej Rodziny Salezja\u0144skiej.<\/p>\n\n\n\n<h2 class=\"wp-block-heading\">Przyrzeczenie jako odpowied\u017a serca<\/h2>\n\n\n\n<p class=\"wp-block-paragraph\">Przyrzeczenie Salezjanina Wsp\u00f3\u0142pracownika nie jest jedynie uroczyst\u0105 deklaracj\u0105. Jest odpowiedzi\u0105 serca na zaproszenie Boga, aby \u017cy\u0107 duchem ksi\u0119dza Bosko w \u015bwiecie. W tek\u015bcie Przyrzeczenia s\u0142yszymy s\u0142owa: \u201ePoci\u0105gni\u0119ty\/a przez Twoj\u0105 mi\u0142osiern\u0105 Mi\u0142o\u015b\u0107, chc\u0119 Ci\u0119 kocha\u0107, czyni\u0105c dobro\u201d. W\u0142a\u015bnie w tym zdaniu streszcza si\u0119 droga Salezjanina Wsp\u00f3\u0142pracownika: mi\u0142o\u015b\u0107 do Boga, kt\u00f3ra staje si\u0119 konkretn\u0105 s\u0142u\u017cb\u0105 cz\u0142owiekowi, szczeg\u00f3lnie m\u0142odemu.<\/p>\n\n\n\n<p class=\"wp-block-paragraph\">Salezjanin Wsp\u00f3\u0142pracownik pozostaje osob\u0105 \u015bwieck\u0105, ale \u017cyje g\u0142\u0119boko apostolskim powo\u0142aniem. Jego miejscem misji jest codzienno\u015b\u0107. To tam, gdzie Pan B\u00f3g go posy\u0142a, ma by\u0107 \u015bwiadkiem wiary, dobroci, odpowiedzialno\u015bci i rado\u015bci. Program \u017bycia Apostolskiego przypomina, \u017ce przynale\u017cno\u015b\u0107 do Stowarzyszenia rozpoczyna si\u0119 przez osobisty akt Przyrzeczenia, w kt\u00f3rym cz\u0142owiek wyra\u017ca wol\u0119 \u017cycia zobowi\u0105zaniami chrztu \u015bwi\u0119tego w \u015bwietle charyzmatu salezja\u0144skiego.<\/p>\n\n\n\n<h2 class=\"wp-block-heading\">W duchu ksi\u0119dza Bosko<\/h2>\n\n\n\n<p class=\"wp-block-paragraph\">Dzisiejsze Przyrzeczenia s\u0105 tak\u017ce zaproszeniem dla nas wszystkich. Przypominaj\u0105, \u017ce duch ksi\u0119dza Bosko nie jest wspomnieniem przesz\u0142o\u015bci, ale \u017cyw\u0105 drog\u0105 Ko\u015bcio\u0142a. Jest stylem obecno\u015bci: serdecznej, bliskiej, wychowawczej, cierpliwej i pe\u0142nej nadziei. Jest tak\u017ce wezwaniem, by m\u0142odym nie tylko co\u015b organizowa\u0107, ale by\u0107 z nimi, s\u0142ucha\u0107 ich, towarzyszy\u0107 im i pomaga\u0107 odkrywa\u0107, \u017ce \u017cycie z Bogiem mo\u017ce by\u0107 pi\u0119kne.<\/p>\n\n\n\n<h2 class=\"wp-block-heading\">\u017byczenia dla nowych Salezjan\u00f3w Wsp\u00f3\u0142pracownik\u00f3w<\/h2>\n\n\n\n<p class=\"wp-block-paragraph\">Drodzy Grzegorzu, Dominiko i Wiktorio \u2014 dzi\u0119kujemy za Wasz\u0105 odwag\u0119, za drog\u0119 formacji i za wypowiedziane dzi\u015b \u201eprzyrzekam\u201d. Niech Maryja Wspomo\u017cycielka prowadzi Was ka\u017cdego dnia, a \u015bw. Jan Bosko uczy Was serca otwartego, radosnego i gotowego do s\u0142u\u017cby.<\/p>\n\n\n\n<p class=\"wp-block-paragraph\">Gratulujemy ca\u0142ej wsp\u00f3lnocie salezja\u0144skiej prze\u017cywaj\u0105cej ten pi\u0119kny dzie\u0144. Niech nowi Salezjanie Wsp\u00f3\u0142pracownicy b\u0119d\u0105 znakiem, \u017ce B\u00f3g nadal powo\u0142uje, a charyzmat ksi\u0119dza Bosko wci\u0105\u017c rodzi dobre owoce.<\/p>\n\n\n\n<figure class=\"wp-block-gallery has-nested-images columns-default is-cropped wp-block-gallery-1 is-layout-flex wp-block-gallery-is-layout-flex\">\n<figure class=\"wp-block-image size-large\"><img fetchpriority=\"high\" decoding=\"async\" width=\"1024\" height=\"683\" data-id=\"1204\" src=\"https:\/\/ssw.warszawa.pl\/wp-content\/uploads\/2026\/08\/WhatsApp-Image-2026-08-22-at-19.46.291-1024x683.jpeg\" alt=\"\" class=\"wp-image-1204\" srcset=\"https:\/\/ssw.warszawa.pl\/wp-content\/uploads\/2026\/08\/WhatsApp-Image-2026-08-22-at-19.46.291-1024x683.jpeg 1024w, https:\/\/ssw.warszawa.pl\/wp-content\/uploads\/2026\/08\/WhatsApp-Image-2026-08-22-at-19.46.291-300x200.jpeg 300w, https:\/\/ssw.warszawa.pl\/wp-content\/uploads\/2026\/08\/WhatsApp-Image-2026-08-22-at-19.46.291-768x512.jpeg 768w, https:\/\/ssw.warszawa.pl\/wp-content\/uploads\/2026\/08\/WhatsApp-Image-2026-08-22-at-19.46.291-1536x1024.jpeg 1536w, https:\/\/ssw.warszawa.pl\/wp-content\/uploads\/2026\/08\/WhatsApp-Image-2026-08-22-at-19.46.291-200x133.jpeg 200w, https:\/\/ssw.warszawa.pl\/wp-content\/uploads\/2026\/08\/WhatsApp-Image-2026-08-22-at-19.46.291.jpeg 2048w\" sizes=\"(max-width: 1024px) 100vw, 1024px\" \/><\/figure>\n\n\n\n<figure class=\"wp-block-image size-large\"><img decoding=\"async\" width=\"1024\" height=\"683\" data-id=\"1205\" src=\"https:\/\/ssw.warszawa.pl\/wp-content\/uploads\/2026\/08\/WhatsApp-Image-2026-08-22-at-19.46.29-1024x683.jpeg\" alt=\"\" class=\"wp-image-1205\" srcset=\"https:\/\/ssw.warszawa.pl\/wp-content\/uploads\/2026\/08\/WhatsApp-Image-2026-08-22-at-19.46.29-1024x683.jpeg 1024w, https:\/\/ssw.warszawa.pl\/wp-content\/uploads\/2026\/08\/WhatsApp-Image-2026-08-22-at-19.46.29-300x200.jpeg 300w, https:\/\/ssw.warszawa.pl\/wp-content\/uploads\/2026\/08\/WhatsApp-Image-2026-08-22-at-19.46.29-768x512.jpeg 768w, https:\/\/ssw.warszawa.pl\/wp-content\/uploads\/2026\/08\/WhatsApp-Image-2026-08-22-at-19.46.29-1536x1024.jpeg 1536w, https:\/\/ssw.warszawa.pl\/wp-content\/uploads\/2026\/08\/WhatsApp-Image-2026-08-22-at-19.46.29-200x133.jpeg 200w, https:\/\/ssw.warszawa.pl\/wp-content\/uploads\/2026\/08\/WhatsApp-Image-2026-08-22-at-19.46.29.jpeg 2048w\" sizes=\"(max-width: 1024px) 100vw, 1024px\" \/><\/figure>\n\n\n\n<figure class=\"wp-block-image size-large\"><img decoding=\"async\" width=\"1024\" height=\"683\" data-id=\"1206\" src=\"https:\/\/ssw.warszawa.pl\/wp-content\/uploads\/2026\/08\/WhatsApp-Image-2026-08-22-at-19.46.285-1024x683.jpeg\" alt=\"\" class=\"wp-image-1206\" srcset=\"https:\/\/ssw.warszawa.pl\/wp-content\/uploads\/2026\/08\/WhatsApp-Image-2026-08-22-at-19.46.285-1024x683.jpeg 1024w, https:\/\/ssw.warszawa.pl\/wp-content\/uploads\/2026\/08\/WhatsApp-Image-2026-08-22-at-19.46.285-300x200.jpeg 300w, https:\/\/ssw.warszawa.pl\/wp-content\/uploads\/2026\/08\/WhatsApp-Image-2026-08-22-at-19.46.285-768x512.jpeg 768w, https:\/\/ssw.warszawa.pl\/wp-content\/uploads\/2026\/08\/WhatsApp-Image-2026-08-22-at-19.46.285-1536x1024.jpeg 1536w, https:\/\/ssw.warszawa.pl\/wp-content\/uploads\/2026\/08\/WhatsApp-Image-2026-08-22-at-19.46.285-200x133.jpeg 200w, https:\/\/ssw.warszawa.pl\/wp-content\/uploads\/2026\/08\/WhatsApp-Image-2026-08-22-at-19.46.285.jpeg 2048w\" sizes=\"(max-width: 1024px) 100vw, 1024px\" \/><\/figure>\n\n\n\n<figure class=\"wp-block-image size-large\"><img loading=\"lazy\" decoding=\"async\" width=\"1024\" height=\"683\" data-id=\"1207\" src=\"https:\/\/ssw.warszawa.pl\/wp-content\/uploads\/2026\/08\/WhatsApp-Image-2026-08-22-at-19.46.284-1024x683.jpeg\" alt=\"\" class=\"wp-image-1207\" srcset=\"https:\/\/ssw.warszawa.pl\/wp-content\/uploads\/2026\/08\/WhatsApp-Image-2026-08-22-at-19.46.284-1024x683.jpeg 1024w, https:\/\/ssw.warszawa.pl\/wp-content\/uploads\/2026\/08\/WhatsApp-Image-2026-08-22-at-19.46.284-300x200.jpeg 300w, https:\/\/ssw.warszawa.pl\/wp-content\/uploads\/2026\/08\/WhatsApp-Image-2026-08-22-at-19.46.284-768x512.jpeg 768w, https:\/\/ssw.warszawa.pl\/wp-content\/uploads\/2026\/08\/WhatsApp-Image-2026-08-22-at-19.46.284-1536x1024.jpeg 1536w, https:\/\/ssw.warszawa.pl\/wp-content\/uploads\/2026\/08\/WhatsApp-Image-2026-08-22-at-19.46.284-200x133.jpeg 200w, https:\/\/ssw.warszawa.pl\/wp-content\/uploads\/2026\/08\/WhatsApp-Image-2026-08-22-at-19.46.284.jpeg 2048w\" sizes=\"(max-width: 1024px) 100vw, 1024px\" \/><\/figure>\n\n\n\n<figure class=\"wp-block-image size-large\"><img loading=\"lazy\" decoding=\"async\" width=\"1024\" height=\"683\" data-id=\"1208\" src=\"https:\/\/ssw.warszawa.pl\/wp-content\/uploads\/2026\/08\/WhatsApp-Image-2026-08-22-at-19.46.283-1024x683.jpeg\" alt=\"\" class=\"wp-image-1208\" srcset=\"https:\/\/ssw.warszawa.pl\/wp-content\/uploads\/2026\/08\/WhatsApp-Image-2026-08-22-at-19.46.283-1024x683.jpeg 1024w, https:\/\/ssw.warszawa.pl\/wp-content\/uploads\/2026\/08\/WhatsApp-Image-2026-08-22-at-19.46.283-300x200.jpeg 300w, https:\/\/ssw.warszawa.pl\/wp-content\/uploads\/2026\/08\/WhatsApp-Image-2026-08-22-at-19.46.283-768x512.jpeg 768w, https:\/\/ssw.warszawa.pl\/wp-content\/uploads\/2026\/08\/WhatsApp-Image-2026-08-22-at-19.46.283-1536x1024.jpeg 1536w, https:\/\/ssw.warszawa.pl\/wp-content\/uploads\/2026\/08\/WhatsApp-Image-2026-08-22-at-19.46.283-200x133.jpeg 200w, https:\/\/ssw.warszawa.pl\/wp-content\/uploads\/2026\/08\/WhatsApp-Image-2026-08-22-at-19.46.283.jpeg 2048w\" sizes=\"(max-width: 1024px) 100vw, 1024px\" \/><\/figure>\n\n\n\n<figure class=\"wp-block-image size-large\"><img loading=\"lazy\" decoding=\"async\" width=\"1024\" height=\"683\" data-id=\"1209\" src=\"https:\/\/ssw.warszawa.pl\/wp-content\/uploads\/2026\/08\/WhatsApp-Image-2026-08-22-at-19.46.282-1024x683.jpeg\" alt=\"\" class=\"wp-image-1209\" srcset=\"https:\/\/ssw.warszawa.pl\/wp-content\/uploads\/2026\/08\/WhatsApp-Image-2026-08-22-at-19.46.282-1024x683.jpeg 1024w, https:\/\/ssw.warszawa.pl\/wp-content\/uploads\/2026\/08\/WhatsApp-Image-2026-08-22-at-19.46.282-300x200.jpeg 300w, https:\/\/ssw.warszawa.pl\/wp-content\/uploads\/2026\/08\/WhatsApp-Image-2026-08-22-at-19.46.282-768x512.jpeg 768w, https:\/\/ssw.warszawa.pl\/wp-content\/uploads\/2026\/08\/WhatsApp-Image-2026-08-22-at-19.46.282-1536x1024.jpeg 1536w, https:\/\/ssw.warszawa.pl\/wp-content\/uploads\/2026\/08\/WhatsApp-Image-2026-08-22-at-19.46.282-200x133.jpeg 200w, https:\/\/ssw.warszawa.pl\/wp-content\/uploads\/2026\/08\/WhatsApp-Image-2026-08-22-at-19.46.282.jpeg 2048w\" sizes=\"(max-width: 1024px) 100vw, 1024px\" \/><\/figure>\n\n\n\n<figure class=\"wp-block-image size-large\"><img loading=\"lazy\" decoding=\"async\" width=\"1024\" height=\"683\" data-id=\"1210\" src=\"https:\/\/ssw.warszawa.pl\/wp-content\/uploads\/2026\/08\/WhatsApp-Image-2026-08-22-at-19.46.281-1024x683.jpeg\" alt=\"\" class=\"wp-image-1210\" srcset=\"https:\/\/ssw.warszawa.pl\/wp-content\/uploads\/2026\/08\/WhatsApp-Image-2026-08-22-at-19.46.281-1024x683.jpeg 1024w, https:\/\/ssw.warszawa.pl\/wp-content\/uploads\/2026\/08\/WhatsApp-Image-2026-08-22-at-19.46.281-300x200.jpeg 300w, https:\/\/ssw.warszawa.pl\/wp-content\/uploads\/2026\/08\/WhatsApp-Image-2026-08-22-at-19.46.281-768x512.jpeg 768w, https:\/\/ssw.warszawa.pl\/wp-content\/uploads\/2026\/08\/WhatsApp-Image-2026-08-22-at-19.46.281-1536x1024.jpeg 1536w, https:\/\/ssw.warszawa.pl\/wp-content\/uploads\/2026\/08\/WhatsApp-Image-2026-08-22-at-19.46.281-200x133.jpeg 200w, https:\/\/ssw.warszawa.pl\/wp-content\/uploads\/2026\/08\/WhatsApp-Image-2026-08-22-at-19.46.281.jpeg 2048w\" sizes=\"(max-width: 1024px) 100vw, 1024px\" \/><\/figure>\n\n\n\n<figure class=\"wp-block-image size-large\"><img loading=\"lazy\" decoding=\"async\" width=\"1024\" height=\"683\" data-id=\"1211\" src=\"https:\/\/ssw.warszawa.pl\/wp-content\/uploads\/2026\/08\/WhatsApp-Image-2026-08-22-at-19.46.28-1024x683.jpeg\" alt=\"\" class=\"wp-image-1211\" srcset=\"https:\/\/ssw.warszawa.pl\/wp-content\/uploads\/2026\/08\/WhatsApp-Image-2026-08-22-at-19.46.28-1024x683.jpeg 1024w, https:\/\/ssw.warszawa.pl\/wp-content\/uploads\/2026\/08\/WhatsApp-Image-2026-08-22-at-19.46.28-300x200.jpeg 300w, https:\/\/ssw.warszawa.pl\/wp-content\/uploads\/2026\/08\/WhatsApp-Image-2026-08-22-at-19.46.28-768x512.jpeg 768w, https:\/\/ssw.warszawa.pl\/wp-content\/uploads\/2026\/08\/WhatsApp-Image-2026-08-22-at-19.46.28-1536x1024.jpeg 1536w, https:\/\/ssw.warszawa.pl\/wp-content\/uploads\/2026\/08\/WhatsApp-Image-2026-08-22-at-19.46.28-200x133.jpeg 200w, https:\/\/ssw.warszawa.pl\/wp-content\/uploads\/2026\/08\/WhatsApp-Image-2026-08-22-at-19.46.28.jpeg 2048w\" sizes=\"(max-width: 1024px) 100vw, 1024px\" \/><\/figure>\n\n\n\n<figure class=\"wp-block-image size-large\"><img loading=\"lazy\" decoding=\"async\" width=\"1024\" height=\"683\" data-id=\"1212\" src=\"https:\/\/ssw.warszawa.pl\/wp-content\/uploads\/2026\/08\/Bez-nazwy-1024x683.jpg\" alt=\"\" class=\"wp-image-1212\" srcset=\"https:\/\/ssw.warszawa.pl\/wp-content\/uploads\/2026\/08\/Bez-nazwy-1024x683.jpg 1024w, https:\/\/ssw.warszawa.pl\/wp-content\/uploads\/2026\/08\/Bez-nazwy-300x200.jpg 300w, https:\/\/ssw.warszawa.pl\/wp-content\/uploads\/2026\/08\/Bez-nazwy-768x512.jpg 768w, https:\/\/ssw.warszawa.pl\/wp-content\/uploads\/2026\/08\/Bez-nazwy-1536x1024.jpg 1536w, https:\/\/ssw.warszawa.pl\/wp-content\/uploads\/2026\/08\/Bez-nazwy-200x133.jpg 200w, https:\/\/ssw.warszawa.pl\/wp-content\/uploads\/2026\/08\/Bez-nazwy.jpg 2048w\" sizes=\"(max-width: 1024px) 100vw, 1024px\" \/><\/figure>\n<\/figure>\n","protected":false},"excerpt":{"rendered":"<p>Rado\u015b\u0107 Rodziny Salezja\u0144skiej W sobot\u0119, 22 sierpnia 2026 roku, podczas Campo Bosko w Czerwi\u0144sku nad Wis\u0142\u0105, nasza Rodzina Salezja\u0144ska prze\u017cywa\u0142a szczeg\u00f3lny moment rado\u015bci i wdzi\u0119czno\u015bci. W Centrum Lokalnym Czerwi\u0144sk nad Wis\u0142\u0105 \u201eEmaus\u201d swoje Przyrzeczenia Apostolskie z\u0142o\u017cyli: Grzegorz, Dominika i Wiktoria. Przyrzeczenia zosta\u0142y z\u0142o\u017cone na r\u0119ce koordynatora prowincjalnego Stowarzyszenia Salezjan\u00f3w Wsp\u00f3\u0142pracownik\u00f3w, w obecno\u015bci wsp\u00f3lnoty zgromadzonej na&#8230;<\/p>\n","protected":false},"author":4,"featured_media":1213,"comment_status":"closed","ping_status":"open","sticky":false,"template":"","format":"standard","meta":{"_themeisle_gutenberg_block_has_review":false,"_kadence_starter_templates_imported_post":false,"_kad_post_transparent":"","_kad_post_title":"","_kad_post_layout":"","_kad_post_sidebar_id":"","_kad_post_content_style":"","_kad_post_vertical_padding":"","_kad_post_feature":"","_kad_post_feature_position":"","_kad_post_header":false,"_kad_post_footer":false,"_kad_post_classname":"","iawp_total_views":21,"footnotes":""},"categories":[3],"tags":[],"class_list":["post-1203","post","type-post","status-publish","format-standard","has-post-thumbnail","hentry","category-prowincjalne"],"_links":{"self":[{"href":"https:\/\/ssw.warszawa.pl\/index.php?rest_route=\/wp\/v2\/posts\/1203","targetHints":{"allow":["GET"]}}],"collection":[{"href":"https:\/\/ssw.warszawa.pl\/index.php?rest_route=\/wp\/v2\/posts"}],"about":[{"href":"https:\/\/ssw.warszawa.pl\/index.php?rest_route=\/wp\/v2\/types\/post"}],"author":[{"embeddable":true,"href":"https:\/\/ssw.warszawa.pl\/index.php?rest_route=\/wp\/v2\/users\/4"}],"replies":[{"embeddable":true,"href":"https:\/\/ssw.warszawa.pl\/index.php?rest_route=%2Fwp%2Fv2%2Fcomments&post=1203"}],"version-history":[{"count":1,"href":"https:\/\/ssw.warszawa.pl\/index.php?rest_route=\/wp\/v2\/posts\/1203\/revisions"}],"predecessor-version":[{"id":1214,"href":"https:\/\/ssw.warszawa.pl\/index.php?rest_route=\/wp\/v2\/posts\/1203\/revisions\/1214"}],"wp:featuredmedia":[{"embeddable":true,"href":"https:\/\/ssw.warszawa.pl\/index.php?rest_route=\/wp\/v2\/media\/1213"}],"wp:attachment":[{"href":"https:\/\/ssw.warszawa.pl\/index.php?rest_route=%2Fwp%2Fv2%2Fmedia&parent=1203"}],"wp:term":[{"taxonomy":"category","embeddable":true,"href":"https:\/\/ssw.warszawa.pl\/index.php?rest_route=%2Fwp%2Fv2%2Fcategories&post=1203"},{"taxonomy":"post_tag","embeddable":true,"href":"https:\/\/ssw.warszawa.pl\/index.php?rest_route=%2Fwp%2Fv2%2Ftags&post=1203"}],"curies":[{"name":"wp","href":"https:\/\/api.w.org\/{rel}","templated":true}]}}