{"id":1200,"date":"2026-08-16T13:58:22","date_gmt":"2026-08-16T11:58:22","guid":{"rendered":"https:\/\/ssw.warszawa.pl\/?p=1200"},"modified":"2026-08-16T13:58:25","modified_gmt":"2026-08-16T11:58:25","slug":"16-sierpnia-urodziny-sw-jana-bosko","status":"publish","type":"post","link":"https:\/\/ssw.warszawa.pl\/?p=1200","title":{"rendered":"16 sierpnia \u2013 urodziny \u015bw. Jana Bosko"},"content":{"rendered":"\n<p class=\"wp-block-paragraph\">16 sierpnia wspominamy dzie\u0144 narodzin <strong>\u015bw. Jana Bosko \u2013 Ojca i Nauczyciela M\u0142odzie\u017cy<\/strong>, kt\u00f3rego \u017cycie i dzie\u0142o nieustannie inspiruj\u0105 ca\u0142\u0105 Rodzin\u0119 Salezja\u0144sk\u0105.<\/p>\n\n\n\n<p class=\"wp-block-paragraph\">W dniu jego urodzin przypominamy sobie, \u017ce B\u00f3g stale ufa pi\u0119knu, kt\u00f3re umie\u015bci\u0142 w sercach m\u0142odych ludzi. To zaproszenie tak\u017ce dla nas, Salezjan\u00f3w Wsp\u00f3\u0142pracownik\u00f3w, aby\u015bmy na wz\u00f3r ksi\u0119dza Bosko potrafili dostrzega\u0107 dobro, pomaga\u0107 mu wzrasta\u0107 i wnosi\u0107 je wsz\u0119dzie tam, gdzie jeste\u015bmy \u2013 <strong>ma\u0142ymi krokami, z radosn\u0105 odwag\u0105<\/strong>.<\/p>\n\n\n\n<p class=\"wp-block-paragraph\">Niech \u015bw. Jan Bosko wyprasza nam serca otwarte na Boga i m\u0142odzie\u017c oraz pomaga ka\u017cdego dnia wiernie realizowa\u0107 salezja\u0144skie powo\u0142anie.<\/p>\n\n\n\n<p class=\"wp-block-paragraph\"><strong>Dobrego \u015bwi\u0119towania urodzin ks. Bosko!<\/strong> \ud83d\udc99<\/p>\n\n\n<div class=\"wp-block-image\">\n<figure class=\"aligncenter size-large\"><img fetchpriority=\"high\" decoding=\"async\" width=\"1024\" height=\"683\" src=\"https:\/\/ssw.warszawa.pl\/wp-content\/uploads\/2026\/08\/ChatGPT-Image-16-sie-2026-13_54_44-1024x683.png\" alt=\"\" class=\"wp-image-1201\" srcset=\"https:\/\/ssw.warszawa.pl\/wp-content\/uploads\/2026\/08\/ChatGPT-Image-16-sie-2026-13_54_44-1024x683.png 1024w, https:\/\/ssw.warszawa.pl\/wp-content\/uploads\/2026\/08\/ChatGPT-Image-16-sie-2026-13_54_44-300x200.png 300w, https:\/\/ssw.warszawa.pl\/wp-content\/uploads\/2026\/08\/ChatGPT-Image-16-sie-2026-13_54_44-768x512.png 768w, https:\/\/ssw.warszawa.pl\/wp-content\/uploads\/2026\/08\/ChatGPT-Image-16-sie-2026-13_54_44-200x133.png 200w, https:\/\/ssw.warszawa.pl\/wp-content\/uploads\/2026\/08\/ChatGPT-Image-16-sie-2026-13_54_44.png 1536w\" sizes=\"(max-width: 1024px) 100vw, 1024px\" \/><\/figure>\n<\/div>","protected":false},"excerpt":{"rendered":"<p>16 sierpnia wspominamy dzie\u0144 narodzin \u015bw. Jana Bosko \u2013 Ojca i Nauczyciela M\u0142odzie\u017cy, kt\u00f3rego \u017cycie i dzie\u0142o nieustannie inspiruj\u0105 ca\u0142\u0105 Rodzin\u0119 Salezja\u0144sk\u0105. W dniu jego urodzin przypominamy sobie, \u017ce B\u00f3g stale ufa pi\u0119knu, kt\u00f3re umie\u015bci\u0142 w sercach m\u0142odych ludzi. To zaproszenie tak\u017ce dla nas, Salezjan\u00f3w Wsp\u00f3\u0142pracownik\u00f3w, aby\u015bmy na wz\u00f3r ksi\u0119dza Bosko potrafili dostrzega\u0107 dobro, pomaga\u0107&#8230;<\/p>\n","protected":false},"author":4,"featured_media":1201,"comment_status":"closed","ping_status":"open","sticky":false,"template":"","format":"standard","meta":{"_themeisle_gutenberg_block_has_review":false,"_kadence_starter_templates_imported_post":false,"_kad_post_transparent":"","_kad_post_title":"","_kad_post_layout":"","_kad_post_sidebar_id":"","_kad_post_content_style":"","_kad_post_vertical_padding":"","_kad_post_feature":"","_kad_post_feature_position":"","_kad_post_header":false,"_kad_post_footer":false,"_kad_post_classname":"","iawp_total_views":10,"footnotes":""},"categories":[3],"tags":[],"class_list":["post-1200","post","type-post","status-publish","format-standard","has-post-thumbnail","hentry","category-prowincjalne"],"_links":{"self":[{"href":"https:\/\/ssw.warszawa.pl\/index.php?rest_route=\/wp\/v2\/posts\/1200","targetHints":{"allow":["GET"]}}],"collection":[{"href":"https:\/\/ssw.warszawa.pl\/index.php?rest_route=\/wp\/v2\/posts"}],"about":[{"href":"https:\/\/ssw.warszawa.pl\/index.php?rest_route=\/wp\/v2\/types\/post"}],"author":[{"embeddable":true,"href":"https:\/\/ssw.warszawa.pl\/index.php?rest_route=\/wp\/v2\/users\/4"}],"replies":[{"embeddable":true,"href":"https:\/\/ssw.warszawa.pl\/index.php?rest_route=%2Fwp%2Fv2%2Fcomments&post=1200"}],"version-history":[{"count":1,"href":"https:\/\/ssw.warszawa.pl\/index.php?rest_route=\/wp\/v2\/posts\/1200\/revisions"}],"predecessor-version":[{"id":1202,"href":"https:\/\/ssw.warszawa.pl\/index.php?rest_route=\/wp\/v2\/posts\/1200\/revisions\/1202"}],"wp:featuredmedia":[{"embeddable":true,"href":"https:\/\/ssw.warszawa.pl\/index.php?rest_route=\/wp\/v2\/media\/1201"}],"wp:attachment":[{"href":"https:\/\/ssw.warszawa.pl\/index.php?rest_route=%2Fwp%2Fv2%2Fmedia&parent=1200"}],"wp:term":[{"taxonomy":"category","embeddable":true,"href":"https:\/\/ssw.warszawa.pl\/index.php?rest_route=%2Fwp%2Fv2%2Fcategories&post=1200"},{"taxonomy":"post_tag","embeddable":true,"href":"https:\/\/ssw.warszawa.pl\/index.php?rest_route=%2Fwp%2Fv2%2Ftags&post=1200"}],"curies":[{"name":"wp","href":"https:\/\/api.w.org\/{rel}","templated":true}]}}