{"id":1194,"date":"2026-08-14T09:50:15","date_gmt":"2026-08-14T07:50:15","guid":{"rendered":"https:\/\/ssw.warszawa.pl\/?p=1194"},"modified":"2026-08-14T09:50:19","modified_gmt":"2026-08-14T07:50:19","slug":"spotkajmy-sie-na-campo-bosco-wspolnie-swietujmy-150-lecie-stowarzyszenia","status":"publish","type":"post","link":"https:\/\/ssw.warszawa.pl\/?p=1194","title":{"rendered":"Spotkajmy si\u0119 na Campo Bosco! Wsp\u00f3lnie \u015bwi\u0119tujmy 150-lecie Stowarzyszenia"},"content":{"rendered":"\n<p class=\"wp-block-paragraph\">W dniach <strong>20\u201323 sierpnia 2026 roku w Czerwi\u0144sku nad Wis\u0142\u0105<\/strong> odb\u0119dzie si\u0119 kolejna edycja festiwalu <strong>Campo Bosco<\/strong>. W tym roku wydarzenie b\u0119dzie mia\u0142o dla nas, Salezjan\u00f3w Wsp\u00f3\u0142pracownik\u00f3w, szczeg\u00f3lny charakter. Zostali\u015bmy zaproszeni, aby razem z m\u0142odzie\u017c\u0105 prze\u017cywa\u0107 rado\u015b\u0107 salezja\u0144skiego charyzmatu, a tak\u017ce wsp\u00f3lnie dzi\u0119kowa\u0107 za <strong>150 lat istnienia naszego Stowarzyszenia<\/strong>.<\/p>\n\n\n\n<p class=\"wp-block-paragraph\">Campo Bosco jest przestrzeni\u0105 spotkania m\u0142odych ludzi, modlitwy, rado\u015bci, formacji i do\u015bwiadczenia ducha rodzinnego, tak mocno wpisanego w duchowo\u015b\u0107 \u015bw. Jana Bosko. Tegoroczne has\u0142o festiwalu <strong>\u201eWiara. O\u017cywieni\u201d<\/strong> przypomina nam, \u017ce wiara nie jest czym\u015b statycznym \u2013 ma o\u017cywia\u0107 nasze codzienne \u017cycie i prowadzi\u0107 do s\u0142u\u017cby drugiemu cz\u0142owiekowi.<\/p>\n\n\n\n<h2 class=\"wp-block-heading\">22 sierpnia \u2013 szczeg\u00f3lny dzie\u0144 dla naszego Stowarzyszenia<\/h2>\n\n\n\n<p class=\"wp-block-paragraph\">W spos\u00f3b szczeg\u00f3lny zapraszamy wszystkich Salezjan\u00f3w Wsp\u00f3\u0142pracownik\u00f3w do Czerwi\u0144ska <strong>w sobot\u0119, 22 sierpnia<\/strong>.<\/p>\n\n\n\n<p class=\"wp-block-paragraph\">O godz. <strong>9:00 w Bazylice Matki Bo\u017cej Pocieszenia, Pani Mazowsza<\/strong>, podczas Eucharystii, <strong>troje aspirant\u00f3w z\u0142o\u017cy swoje przyrzeczenia i stanie si\u0119 Salezjanami Wsp\u00f3\u0142pracownikami<\/strong>. B\u0119dzie to chwila wyj\u0105tkowa nie tylko dla nich i ich wsp\u00f3lnot, ale dla ca\u0142ego Stowarzyszenia.<\/p>\n\n\n\n<p class=\"wp-block-paragraph\">Chcemy prze\u017cy\u0107 ten moment razem \u2013 w obecno\u015bci m\u0142odzie\u017cy zgromadzonej na Campo Bosco \u2013 jako <strong>dzi\u0119kczynienie za dar powo\u0142ania Salezjanina Wsp\u00f3\u0142pracownika oraz za 150 lat naszego Stowarzyszenia<\/strong>.<\/p>\n\n\n\n<p class=\"wp-block-paragraph\">To pi\u0119kna okazja, aby jubileusz nie by\u0142 jedynie wspomnieniem historii rozpocz\u0119tej przez \u015bw. Jana Bosko w 1876 roku, ale do\u015bwiadczeniem \u017cywego charyzmatu, kt\u00f3ry nadal jednoczy osoby konsekrowane, \u015bwieckich i m\u0142odzie\u017c. W\u0142a\u015bnie po\u015br\u00f3d m\u0142odych mo\u017cemy na nowo odkrywa\u0107 to, do czego wzywa nas nasze salezja\u0144skie powo\u0142anie \u2013 by\u0107 \u015bwiadkami Ewangelii w codzienno\u015bci i wsp\u00f3\u0142pracownikami w misji wychowawczej i ewangelizacyjnej Ko\u015bcio\u0142a.<\/p>\n\n\n\n<h2 class=\"wp-block-heading\">Salezjanie Wsp\u00f3\u0142pracownicy na Campo Bosco<\/h2>\n\n\n\n<p class=\"wp-block-paragraph\">Nasza obecno\u015b\u0107 na festiwalu nie ogranicza si\u0119 jednak tylko do wsp\u00f3lnego \u015bwi\u0119towania. <strong>Salezjanie Wsp\u00f3\u0142pracownicy oraz m\u0142odzi aspiranci z r\u00f3\u017cnych prowincji aktywnie w\u0142\u0105czaj\u0105 si\u0119 w przygotowanie Campo Bosco<\/strong> \u2013 prowadz\u0105c warsztaty, anga\u017cuj\u0105c si\u0119 w opiek\u0119 medyczn\u0105, promocj\u0119 medialn\u0105 oraz inne obszary organizacji wydarzenia.<\/p>\n\n\n\n<p class=\"wp-block-paragraph\">To bardzo konkretny znak tego, czym jest Rodzina Salezja\u0144ska: r\u00f3\u017cne ga\u0142\u0119zie, r\u00f3\u017cne powo\u0142ania i r\u00f3\u017cne zadania, ale wsp\u00f3lna misja i wsp\u00f3lna troska o m\u0142odego cz\u0142owieka.<\/p>\n\n\n\n<p class=\"wp-block-paragraph\">Dlatego zach\u0119camy, aby <strong>22 sierpnia spotka\u0107 si\u0119 w Czerwi\u0144sku nad Wis\u0142\u0105<\/strong> i razem stworzy\u0107 widzialny znak jedno\u015bci naszego Stowarzyszenia i ca\u0142ej Rodziny Salezja\u0144skiej.<\/p>\n\n\n\n<p class=\"wp-block-paragraph\">Program soboty przewiduje nie tylko Eucharysti\u0119 i przyrzeczenia, ale r\u00f3wnie\u017c m.in. panel dyskusyjny, koncerty, warsztaty oraz wieczorn\u0105 <strong>Biesiad\u0119 Salezja\u0144sk\u0105<\/strong>. Ca\u0142y festiwal potrwa od czwartku 20 sierpnia do niedzieli 23 sierpnia.<\/p>\n\n\n\n<h2 class=\"wp-block-heading\">Potrzebujesz noclegu? Zarejestruj si\u0119<\/h2>\n\n\n\n<p class=\"wp-block-paragraph\">Osoby, kt\u00f3re chc\u0105 przyjecha\u0107 do Czerwi\u0144ska i <strong>potrzebuj\u0105 zakwaterowania<\/strong>, powinny wcze\u015bniej zg\u0142osi\u0107 si\u0119 poprzez przygotowany przez organizator\u00f3w formularz, dost\u0119pny u koordynator\u00f3w lokalnych ka\u017cdego Centrum Lokalnego<\/p>\n\n\n\n<p class=\"wp-block-paragraph\"><\/p>\n\n\n\n<p class=\"wp-block-paragraph\">Je\u017celi nie mo\u017cecie by\u0107 tego dnia razem z nami, zach\u0119camy do <strong>duchowej \u0142\u0105czno\u015bci i modlitwy<\/strong> \u2013 szczeg\u00f3lnie za m\u0142odzie\u017c uczestnicz\u0105c\u0105 w Campo Bosco, organizator\u00f3w wydarzenia oraz troje aspirant\u00f3w, kt\u00f3rzy tego dnia wypowiedz\u0105 swoje \u201etak\u201d i z\u0142o\u017c\u0105 przyrzeczenia Salezjan\u00f3w Wsp\u00f3\u0142pracownik\u00f3w.<\/p>\n\n\n\n<p class=\"wp-block-paragraph\"><strong>Niech 22 sierpnia stanie si\u0119 dla nas prawdziwym \u015bwi\u0119tem Rodziny Salezja\u0144skiej \u2013 spotkaniem pokole\u0144, powo\u0142a\u0144 i r\u00f3\u017cnych ga\u0142\u0119zi po\u0142\u0105czonych jednym charyzmatem \u015bw. Jana Bosko.<\/strong><\/p>\n\n\n\n<p class=\"wp-block-paragraph\">Do zobaczenia w Czerwi\u0144sku nad Wis\u0142\u0105!<\/p>\n\n\n\n<figure class=\"wp-block-gallery has-nested-images columns-default is-cropped wp-block-gallery-1 is-layout-flex wp-block-gallery-is-layout-flex\">\n<figure class=\"wp-block-image size-large\"><img fetchpriority=\"high\" decoding=\"async\" width=\"724\" height=\"1024\" data-id=\"1196\" src=\"https:\/\/ssw.warszawa.pl\/wp-content\/uploads\/2026\/08\/774432522_2095765584668572_8588215162127314867_n-724x1024.jpg\" alt=\"\" class=\"wp-image-1196\" srcset=\"https:\/\/ssw.warszawa.pl\/wp-content\/uploads\/2026\/08\/774432522_2095765584668572_8588215162127314867_n-724x1024.jpg 724w, https:\/\/ssw.warszawa.pl\/wp-content\/uploads\/2026\/08\/774432522_2095765584668572_8588215162127314867_n-212x300.jpg 212w, https:\/\/ssw.warszawa.pl\/wp-content\/uploads\/2026\/08\/774432522_2095765584668572_8588215162127314867_n-768x1086.jpg 768w, https:\/\/ssw.warszawa.pl\/wp-content\/uploads\/2026\/08\/774432522_2095765584668572_8588215162127314867_n-1086x1536.jpg 1086w, https:\/\/ssw.warszawa.pl\/wp-content\/uploads\/2026\/08\/774432522_2095765584668572_8588215162127314867_n-200x283.jpg 200w, https:\/\/ssw.warszawa.pl\/wp-content\/uploads\/2026\/08\/774432522_2095765584668572_8588215162127314867_n.jpg 1414w\" sizes=\"(max-width: 724px) 100vw, 724px\" \/><\/figure>\n\n\n\n<figure class=\"wp-block-image size-large\"><img decoding=\"async\" width=\"819\" height=\"1024\" data-id=\"1195\" src=\"https:\/\/ssw.warszawa.pl\/wp-content\/uploads\/2026\/08\/775281898_2105288600200647_1498414596789874113_n-819x1024.jpg\" alt=\"\" class=\"wp-image-1195\" srcset=\"https:\/\/ssw.warszawa.pl\/wp-content\/uploads\/2026\/08\/775281898_2105288600200647_1498414596789874113_n-819x1024.jpg 819w, https:\/\/ssw.warszawa.pl\/wp-content\/uploads\/2026\/08\/775281898_2105288600200647_1498414596789874113_n-240x300.jpg 240w, https:\/\/ssw.warszawa.pl\/wp-content\/uploads\/2026\/08\/775281898_2105288600200647_1498414596789874113_n-768x960.jpg 768w, https:\/\/ssw.warszawa.pl\/wp-content\/uploads\/2026\/08\/775281898_2105288600200647_1498414596789874113_n-1229x1536.jpg 1229w, https:\/\/ssw.warszawa.pl\/wp-content\/uploads\/2026\/08\/775281898_2105288600200647_1498414596789874113_n-200x250.jpg 200w, https:\/\/ssw.warszawa.pl\/wp-content\/uploads\/2026\/08\/775281898_2105288600200647_1498414596789874113_n.jpg 1280w\" sizes=\"(max-width: 819px) 100vw, 819px\" \/><\/figure>\n<\/figure>\n","protected":false},"excerpt":{"rendered":"<p>W dniach 20\u201323 sierpnia 2026 roku w Czerwi\u0144sku nad Wis\u0142\u0105 odb\u0119dzie si\u0119 kolejna edycja festiwalu Campo Bosco. W tym roku wydarzenie b\u0119dzie mia\u0142o dla nas, Salezjan\u00f3w Wsp\u00f3\u0142pracownik\u00f3w, szczeg\u00f3lny charakter. Zostali\u015bmy zaproszeni, aby razem z m\u0142odzie\u017c\u0105 prze\u017cywa\u0107 rado\u015b\u0107 salezja\u0144skiego charyzmatu, a tak\u017ce wsp\u00f3lnie dzi\u0119kowa\u0107 za 150 lat istnienia naszego Stowarzyszenia. Campo Bosco jest przestrzeni\u0105 spotkania m\u0142odych&#8230;<\/p>\n","protected":false},"author":4,"featured_media":1198,"comment_status":"closed","ping_status":"open","sticky":false,"template":"","format":"standard","meta":{"_themeisle_gutenberg_block_has_review":false,"_kadence_starter_templates_imported_post":false,"_kad_post_transparent":"","_kad_post_title":"","_kad_post_layout":"","_kad_post_sidebar_id":"","_kad_post_content_style":"","_kad_post_vertical_padding":"","_kad_post_feature":"","_kad_post_feature_position":"","_kad_post_header":false,"_kad_post_footer":false,"_kad_post_classname":"","iawp_total_views":29,"footnotes":""},"categories":[3],"tags":[],"class_list":["post-1194","post","type-post","status-publish","format-standard","has-post-thumbnail","hentry","category-prowincjalne"],"_links":{"self":[{"href":"https:\/\/ssw.warszawa.pl\/index.php?rest_route=\/wp\/v2\/posts\/1194","targetHints":{"allow":["GET"]}}],"collection":[{"href":"https:\/\/ssw.warszawa.pl\/index.php?rest_route=\/wp\/v2\/posts"}],"about":[{"href":"https:\/\/ssw.warszawa.pl\/index.php?rest_route=\/wp\/v2\/types\/post"}],"author":[{"embeddable":true,"href":"https:\/\/ssw.warszawa.pl\/index.php?rest_route=\/wp\/v2\/users\/4"}],"replies":[{"embeddable":true,"href":"https:\/\/ssw.warszawa.pl\/index.php?rest_route=%2Fwp%2Fv2%2Fcomments&post=1194"}],"version-history":[{"count":1,"href":"https:\/\/ssw.warszawa.pl\/index.php?rest_route=\/wp\/v2\/posts\/1194\/revisions"}],"predecessor-version":[{"id":1199,"href":"https:\/\/ssw.warszawa.pl\/index.php?rest_route=\/wp\/v2\/posts\/1194\/revisions\/1199"}],"wp:featuredmedia":[{"embeddable":true,"href":"https:\/\/ssw.warszawa.pl\/index.php?rest_route=\/wp\/v2\/media\/1198"}],"wp:attachment":[{"href":"https:\/\/ssw.warszawa.pl\/index.php?rest_route=%2Fwp%2Fv2%2Fmedia&parent=1194"}],"wp:term":[{"taxonomy":"category","embeddable":true,"href":"https:\/\/ssw.warszawa.pl\/index.php?rest_route=%2Fwp%2Fv2%2Fcategories&post=1194"},{"taxonomy":"post_tag","embeddable":true,"href":"https:\/\/ssw.warszawa.pl\/index.php?rest_route=%2Fwp%2Fv2%2Ftags&post=1194"}],"curies":[{"name":"wp","href":"https:\/\/api.w.org\/{rel}","templated":true}]}}